{"id":4317,"date":"2015-02-03T08:35:43","date_gmt":"2015-02-03T07:35:43","guid":{"rendered":"http:\/\/www.wonderflu.com\/blog\/?p=4317"},"modified":"2015-02-03T08:38:27","modified_gmt":"2015-02-03T07:38:27","slug":"apero-viral-3","status":"publish","type":"post","link":"https:\/\/www.wonderflu.com\/blog\/2015\/02\/apero-viral-3\/","title":{"rendered":"Ap\u00e9ro Viral #3"},"content":{"rendered":"<p>Ce vendredi 6 f\u00e9vrier 2015, on sera \u00e0 la Plan\u00e8te Mars pour l'Ap\u00e9ro Viral #3 (<a href=\"https:\/\/www.facebook.com\/events\/655863764524497\/?fref=ts\">event FB<\/a>).<\/p>\n<p>Aucun concert de pr\u00e9vu mais yaura tous nos copains d'Influenza Records qui seront l\u00e0 avec nous pour \u00e9couter de la musique, boire des coups, et d\u00e9faire le monde.<\/p>\n<p><img loading=\"lazy\" decoding=\"async\" class=\"aligncenter size-full wp-image-4318\" src=\"http:\/\/www.wonderflu.com\/blog\/wp-content\/uploads\/2015\/02\/apero3.jpg\" alt=\"Apero 3\" width=\"658\" height=\"960\" srcset=\"https:\/\/www.wonderflu.com\/blog\/wp-content\/uploads\/2015\/02\/apero3.jpg 658w, https:\/\/www.wonderflu.com\/blog\/wp-content\/uploads\/2015\/02\/apero3-205x300.jpg 205w, https:\/\/www.wonderflu.com\/blog\/wp-content\/uploads\/2015\/02\/apero3-624x910.jpg 624w\" sizes=\"(max-width: 658px) 100vw, 658px\" \/><\/p>\n<p><!--more--><br \/>\nPour les oreilles attentives, ce sera aussi l'occasion d'\u00e9couter en avant-premi\u00e8re les morceaux de la compile Influenza Records qui seront venus se glisser dans la playlist.<br \/>\n(\u00e0 ce sujet, vous oubliez pas que <a href=\"http:\/\/www.influenza-records.com\/2015\/01\/la-premiere-compilation-influenza-records-en-prevente\/\">le vinyle est en pr\u00e9vente<\/a> hein)<\/p>\n<p>Avec un peu de chance, on sera m\u00eame en mesure de vous annoncer une date de Release Party alors viendez nombreux(ses).<\/p>\n<p><span style=\"text-decoration: underline;\">Infos Patrick<\/span> :<br \/>\n- voil\u00e0 par exemple le genre de musique qu'on avait choisi de diffuser \u00e0 l'ap\u00e9ro viral <a href=\"http:\/\/www.influenza-records.com\/2013\/05\/apero-viral-1-les-choix-de-wonderflu\/\">#1<\/a> et <a href=\"http:\/\/www.influenza-records.com\/2013\/12\/apero-viral-2-les-choix-de-wonderflu\/\">#2<\/a><br \/>\n- La Plan\u00e8te Mars<br \/>\n44 rue de la Folie-M\u00e9ricourt<br \/>\nParis 11e<br \/>\n(M\u00b0 Oberkampf, Parmentier, Saint-Ambroise)<\/p>\n","protected":false},"excerpt":{"rendered":"<p>Ce vendredi 6 f\u00e9vrier 2015, on sera \u00e0 la Plan\u00e8te Mars pour l'Ap\u00e9ro Viral #3 (event FB). Aucun concert de pr\u00e9vu mais yaura tous nos copains d'Influenza Records qui seront l\u00e0 avec nous pour \u00e9couter de la musique, boire des coups, et d\u00e9faire le monde.<\/p>\n","protected":false},"author":2,"featured_media":0,"comment_status":"open","ping_status":"open","sticky":false,"template":"","format":"standard","meta":{"footnotes":""},"categories":[3],"tags":[344,253,324],"_links":{"self":[{"href":"https:\/\/www.wonderflu.com\/blog\/wp-json\/wp\/v2\/posts\/4317"}],"collection":[{"href":"https:\/\/www.wonderflu.com\/blog\/wp-json\/wp\/v2\/posts"}],"about":[{"href":"https:\/\/www.wonderflu.com\/blog\/wp-json\/wp\/v2\/types\/post"}],"author":[{"embeddable":true,"href":"https:\/\/www.wonderflu.com\/blog\/wp-json\/wp\/v2\/users\/2"}],"replies":[{"embeddable":true,"href":"https:\/\/www.wonderflu.com\/blog\/wp-json\/wp\/v2\/comments?post=4317"}],"version-history":[{"count":1,"href":"https:\/\/www.wonderflu.com\/blog\/wp-json\/wp\/v2\/posts\/4317\/revisions"}],"predecessor-version":[{"id":4319,"href":"https:\/\/www.wonderflu.com\/blog\/wp-json\/wp\/v2\/posts\/4317\/revisions\/4319"}],"wp:attachment":[{"href":"https:\/\/www.wonderflu.com\/blog\/wp-json\/wp\/v2\/media?parent=4317"}],"wp:term":[{"taxonomy":"category","embeddable":true,"href":"https:\/\/www.wonderflu.com\/blog\/wp-json\/wp\/v2\/categories?post=4317"},{"taxonomy":"post_tag","embeddable":true,"href":"https:\/\/www.wonderflu.com\/blog\/wp-json\/wp\/v2\/tags?post=4317"}],"curies":[{"name":"wp","href":"https:\/\/api.w.org\/{rel}","templated":true}]}}