{"id":4943,"date":"2016-05-19T13:23:18","date_gmt":"2016-05-19T11:23:18","guid":{"rendered":"http:\/\/www.wonderflu.com\/blog\/?p=4943"},"modified":"2016-05-19T16:05:02","modified_gmt":"2016-05-19T14:05:02","slug":"le-festival-bd6ne-2016","status":"publish","type":"post","link":"https:\/\/www.wonderflu.com\/blog\/2016\/05\/le-festival-bd6ne-2016\/","title":{"rendered":"Le Festival BD6N\u00e9 2016"},"content":{"rendered":"<p>Revoil\u00e0 le Festival <strong><a href=\"http:\/\/bd6ne.blogspot.fr\/\">BD6N\u00e9<\/a><\/strong>, pour sa quatri\u00e8me \u00e9dition, du 10 au 12 juin 2016 !<\/p>\n<p>De la BD et du cin\u00e9ma, comme son nom l'indique.<br \/>\nAvec des expos, des projections, un village BD, des rencontres, de la musique et, comme si c'\u00e9tait pas assez,\u00a0une masterclass avec Beno\u00eet Peeters.<br \/>\n(vous voyez cette petite fum\u00e9e qui s'\u00e9chappe de nos bo\u00eetes cr\u00e2niennes? \u00c7a\u00a0s'appelle le bonheur...)<\/p>\n<p><img loading=\"lazy\" decoding=\"async\" class=\"aligncenter wp-image-4944 size-full\" src=\"http:\/\/www.wonderflu.com\/blog\/wp-content\/uploads\/2016\/05\/bd6ne2016.png\" alt=\"bd6ne2016\" width=\"558\" height=\"795\" srcset=\"https:\/\/www.wonderflu.com\/blog\/wp-content\/uploads\/2016\/05\/bd6ne2016.png 558w, https:\/\/www.wonderflu.com\/blog\/wp-content\/uploads\/2016\/05\/bd6ne2016-211x300.png 211w\" sizes=\"(max-width: 558px) 100vw, 558px\" \/><\/p>\n<p><!--more--><\/p>\n<p>Organis\u00e9 par les petits g\u00e9nies de <strong>Broken<\/strong>\u00a0(rappel de leurs m\u00e9faits <a href=\"http:\/\/www.dailymotion.com\/playlist\/x2wca4_BrokenProd_wonderflu\">ici<\/a>), \u00a0il aura lieu \u00e0 la <strong>M\u00e9diath\u00e8que Marguerite Duras<\/strong>, dans le XXe arrondissement de Paris et ce sera\u00a0<strong>gratuit<\/strong> (standing ovation g\u00e9n\u00e9rale).<\/p>\n<p>Le programme est all\u00e9chant et diablement riche,\u00a0vous pouvez le consulter <a href=\"http:\/\/bd6ne.blogspot.fr\/p\/edition-2016-programme.html\">sur cette page<\/a>\u00a0et ainsi planifier p\u00e9p\u00e8re ce\u00a0week-end qui s'annonce grandiose.<\/p>\n<p>Pour ne pas oublier que ce blog est avant tout celui d'un groupe de rock (des fois que vous vous croyiez \u00e9gar\u00e9s sur le site de T\u00e9l\u00e9rama), \u00a0un petit mot sur la c\u00e9r\u00e9monie de cl\u00f4ture qui aura lieu le dimanche 12 juin \u00e0 16h\u00a0avec un concert dessin\u00e9 de <a href=\"http:\/\/www.butchmckoy.com\/\">Butch McKoy<\/a>.<\/p>\n<p><iframe loading=\"lazy\" title=\"Butch McKoy - My King (official video)\" width=\"625\" height=\"352\" src=\"https:\/\/www.youtube.com\/embed\/ZhFJJUieO38?feature=oembed\" frameborder=\"0\" allow=\"accelerometer; autoplay; clipboard-write; encrypted-media; gyroscope; picture-in-picture; web-share\" referrerpolicy=\"strict-origin-when-cross-origin\" allowfullscreen><\/iframe><\/p>\n<p>(Et pour pas oublier les copains, on signale que <strong>Shyle Zalewski<\/strong>, qui avait un stand\u00a0au Freak Scene 2015, fera partie du village BD \ud83d\ude42 )<\/p>\n<p>Concernant la masterclass avec <strong>Beno\u00eet Peeters<\/strong>, \u00e7a aura lieu une semaine avant, le 3 juin au Studio des Ursulines, et\u00a0ce sera\u00a0un sacr\u00e9 avant-go\u00fbt !<br \/>\n(<a href=\"http:\/\/bd6ne.blogspot.fr\/p\/programme-2016.html\">infos patrick<\/a>)<\/p>\n<p>Bref, si vous aimez la BD et\/ou le cin\u00e9ma, d\u00e9brouillez-vous pour en \u00eatre et \u00e0 bient\u00f4t !<\/p>\n","protected":false},"excerpt":{"rendered":"<p>Revoil\u00e0 le Festival BD6N\u00e9, pour sa quatri\u00e8me \u00e9dition, du 10 au 12 juin 2016 ! De la BD et du cin\u00e9ma, comme son nom l'indique. Avec des expos, des projections, un village BD, des rencontres, de la musique et, comme si c'\u00e9tait pas assez,\u00a0une masterclass avec Beno\u00eet Peeters. (vous voyez cette petite fum\u00e9e qui s'\u00e9chappe [&hellip;]<\/p>\n","protected":false},"author":2,"featured_media":0,"comment_status":"open","ping_status":"open","sticky":false,"template":"","format":"standard","meta":{"footnotes":""},"categories":[3],"tags":[47,326,302],"_links":{"self":[{"href":"https:\/\/www.wonderflu.com\/blog\/wp-json\/wp\/v2\/posts\/4943"}],"collection":[{"href":"https:\/\/www.wonderflu.com\/blog\/wp-json\/wp\/v2\/posts"}],"about":[{"href":"https:\/\/www.wonderflu.com\/blog\/wp-json\/wp\/v2\/types\/post"}],"author":[{"embeddable":true,"href":"https:\/\/www.wonderflu.com\/blog\/wp-json\/wp\/v2\/users\/2"}],"replies":[{"embeddable":true,"href":"https:\/\/www.wonderflu.com\/blog\/wp-json\/wp\/v2\/comments?post=4943"}],"version-history":[{"count":3,"href":"https:\/\/www.wonderflu.com\/blog\/wp-json\/wp\/v2\/posts\/4943\/revisions"}],"predecessor-version":[{"id":4949,"href":"https:\/\/www.wonderflu.com\/blog\/wp-json\/wp\/v2\/posts\/4943\/revisions\/4949"}],"wp:attachment":[{"href":"https:\/\/www.wonderflu.com\/blog\/wp-json\/wp\/v2\/media?parent=4943"}],"wp:term":[{"taxonomy":"category","embeddable":true,"href":"https:\/\/www.wonderflu.com\/blog\/wp-json\/wp\/v2\/categories?post=4943"},{"taxonomy":"post_tag","embeddable":true,"href":"https:\/\/www.wonderflu.com\/blog\/wp-json\/wp\/v2\/tags?post=4943"}],"curies":[{"name":"wp","href":"https:\/\/api.w.org\/{rel}","templated":true}]}}