{"id":6029,"date":"2019-06-07T14:51:57","date_gmt":"2019-06-07T12:51:57","guid":{"rendered":"http:\/\/www.wonderflu.com\/blog\/?p=6029"},"modified":"2019-06-08T15:13:14","modified_gmt":"2019-06-08T13:13:14","slug":"influenza-records-au-village-label-de-villette-sonique-2019","status":"publish","type":"post","link":"https:\/\/www.wonderflu.com\/blog\/2019\/06\/influenza-records-au-village-label-de-villette-sonique-2019\/","title":{"rendered":"Influenza Records au Village Label de Villette Sonique 2019"},"content":{"rendered":"\n<p>Comme tous les ans, revoil\u00e0 le beau marronnier d'avant-\u00e9t\u00e9 : la maison m\u00e8re Influenza Records tiendra un stand au Village Label de Villette Sonique les samedi 8 et dimanche 9 juin ^_^<\/p>\n\n\n\n<div class=\"wp-block-image\"><figure class=\"aligncenter is-resized\"><a href=\"http:\/\/www.wonderflu.com\/blog\/wp-content\/uploads\/2019\/06\/villette2019.jpg\"><img loading=\"lazy\" decoding=\"async\" src=\"http:\/\/www.wonderflu.com\/blog\/wp-content\/uploads\/2019\/06\/villette2019.jpg\" alt=\"\" class=\"wp-image-6030\" width=\"480\" height=\"360\" srcset=\"https:\/\/www.wonderflu.com\/blog\/wp-content\/uploads\/2019\/06\/villette2019.jpg 960w, https:\/\/www.wonderflu.com\/blog\/wp-content\/uploads\/2019\/06\/villette2019-300x225.jpg 300w, https:\/\/www.wonderflu.com\/blog\/wp-content\/uploads\/2019\/06\/villette2019-768x576.jpg 768w, https:\/\/www.wonderflu.com\/blog\/wp-content\/uploads\/2019\/06\/villette2019-624x468.jpg 624w\" sizes=\"(max-width: 480px) 100vw, 480px\" \/><\/a><\/figure><\/div>\n\n\n\n<!--more-->\n\n\n\n<p>Comme d'hab, vinyles, cds, k7s, fanzines et (petite nouveaut\u00e9 si vous avez bien suivi) <a href=\"https:\/\/www.influenza-records.com\/shop\/halfbob-pladylist\/\">le premier livre<\/a> \u00e9dit\u00e9 par Influenza Records !<\/p>\n\n\n\n<p>Toutes les infos sur le festoche, sur le Village Label et sur les labels pr\u00e9sents, c'est par ici :<br \/>>> <a href=\"https:\/\/lavillette.com\/programmation\/villette-sonique_e296\">Villette Sonique<br \/><\/a>>> <a href=\"https:\/\/lavillette.com\/programmation\/village-label-vs19_e347\">Village Label<\/a><\/p>\n\n\n\n<p><br \/><\/p>\n\n\n\n<p><br \/><\/p>\n","protected":false},"excerpt":{"rendered":"<p>Comme tous les ans, revoil\u00e0 le beau marronnier d'avant-\u00e9t\u00e9 : la maison m\u00e8re Influenza Records tiendra un stand au Village Label de Villette Sonique les samedi 8 et dimanche 9 juin ^_^<\/p>\n","protected":false},"author":2,"featured_media":6030,"comment_status":"open","ping_status":"open","sticky":false,"template":"","format":"standard","meta":{"footnotes":""},"categories":[3],"tags":[302,324,181,477],"_links":{"self":[{"href":"https:\/\/www.wonderflu.com\/blog\/wp-json\/wp\/v2\/posts\/6029"}],"collection":[{"href":"https:\/\/www.wonderflu.com\/blog\/wp-json\/wp\/v2\/posts"}],"about":[{"href":"https:\/\/www.wonderflu.com\/blog\/wp-json\/wp\/v2\/types\/post"}],"author":[{"embeddable":true,"href":"https:\/\/www.wonderflu.com\/blog\/wp-json\/wp\/v2\/users\/2"}],"replies":[{"embeddable":true,"href":"https:\/\/www.wonderflu.com\/blog\/wp-json\/wp\/v2\/comments?post=6029"}],"version-history":[{"count":3,"href":"https:\/\/www.wonderflu.com\/blog\/wp-json\/wp\/v2\/posts\/6029\/revisions"}],"predecessor-version":[{"id":6034,"href":"https:\/\/www.wonderflu.com\/blog\/wp-json\/wp\/v2\/posts\/6029\/revisions\/6034"}],"wp:featuredmedia":[{"embeddable":true,"href":"https:\/\/www.wonderflu.com\/blog\/wp-json\/wp\/v2\/media\/6030"}],"wp:attachment":[{"href":"https:\/\/www.wonderflu.com\/blog\/wp-json\/wp\/v2\/media?parent=6029"}],"wp:term":[{"taxonomy":"category","embeddable":true,"href":"https:\/\/www.wonderflu.com\/blog\/wp-json\/wp\/v2\/categories?post=6029"},{"taxonomy":"post_tag","embeddable":true,"href":"https:\/\/www.wonderflu.com\/blog\/wp-json\/wp\/v2\/tags?post=6029"}],"curies":[{"name":"wp","href":"https:\/\/api.w.org\/{rel}","templated":true}]}}