{"id":6085,"date":"2019-09-05T01:42:28","date_gmt":"2019-09-04T23:42:28","guid":{"rendered":"http:\/\/www.wonderflu.com\/blog\/?p=6085"},"modified":"2019-09-05T01:42:28","modified_gmt":"2019-09-04T23:42:28","slug":"pile-en-concert-frisson-acidule","status":"publish","type":"post","link":"https:\/\/www.wonderflu.com\/blog\/2019\/09\/pile-en-concert-frisson-acidule\/","title":{"rendered":"Pile en concert (Frisson Acidul\u00e9)"},"content":{"rendered":"\n<p>A tou(te)s les vrai(e)s, les amateur(e)s de mandales et de petites attentions m\u00e9lodiques, les tatou\u00e9(e)s au coeur d'artichaut, r\u00e9jouissez-vous !<\/p>\n\n\n\n<div class=\"wp-block-image\"><figure class=\"aligncenter\"><img loading=\"lazy\" decoding=\"async\" width=\"600\" height=\"845\" src=\"http:\/\/www.wonderflu.com\/blog\/wp-content\/uploads\/2019\/09\/frisson.jpg\" alt=\"\" class=\"wp-image-6086\" srcset=\"https:\/\/www.wonderflu.com\/blog\/wp-content\/uploads\/2019\/09\/frisson.jpg 600w, https:\/\/www.wonderflu.com\/blog\/wp-content\/uploads\/2019\/09\/frisson-213x300.jpg 213w\" sizes=\"(max-width: 600px) 100vw, 600px\" \/><\/figure><\/div>\n\n\n\n<!--more-->\n\n\n\n<p><br \/><strong>Pile <\/strong>sera en concert dans le cadre du festival <em>Frisson Acidul\u00e9<\/em>, c'est g\u00e9ant, c'est super, venez tous autant que vous \u00eates, venez comme vous \u00eates, venez \u00e7a va \u00eatre la f\u00eate ! (#dictionnairesdesrimes)<\/p>\n\n\n\n<p>Infos Patrick :<br \/>-  <a href=\"http:\/\/www.arrachetoiunoeil.com\/blog\/festival-frisson-acidule-2-les-7-8-septembre-a-paris\/\">Page officielle du festival Frisson Acidul<\/a><br \/>- <a href=\"https:\/\/www.facebook.com\/events\/le-th%C3%A9%C3%A2tre-de-verre-12-rue-henri-ribi%C3%A8re-75019-paris\/festival-frisson-acidul%C3%A9-2-les-7-8-septembre-2019-%C3%A0-paris\/636036866822125\/\">Facebook event<\/a> <br \/>- <a href=\"https:\/\/pile.bandcamp.com\/album\/green-and-gray\">le dernier album<\/a> de Pile<\/p>\n","protected":false},"excerpt":{"rendered":"<p>A tou(te)s les vrai(e)s, les amateur(e)s de mandales et de petites attentions m\u00e9lodiques, les tatou\u00e9(e)s au coeur d'artichaut, r\u00e9jouissez-vous !<\/p>\n","protected":false},"author":2,"featured_media":6086,"comment_status":"open","ping_status":"open","sticky":false,"template":"","format":"standard","meta":{"footnotes":""},"categories":[33],"tags":[302,181,539],"_links":{"self":[{"href":"https:\/\/www.wonderflu.com\/blog\/wp-json\/wp\/v2\/posts\/6085"}],"collection":[{"href":"https:\/\/www.wonderflu.com\/blog\/wp-json\/wp\/v2\/posts"}],"about":[{"href":"https:\/\/www.wonderflu.com\/blog\/wp-json\/wp\/v2\/types\/post"}],"author":[{"embeddable":true,"href":"https:\/\/www.wonderflu.com\/blog\/wp-json\/wp\/v2\/users\/2"}],"replies":[{"embeddable":true,"href":"https:\/\/www.wonderflu.com\/blog\/wp-json\/wp\/v2\/comments?post=6085"}],"version-history":[{"count":1,"href":"https:\/\/www.wonderflu.com\/blog\/wp-json\/wp\/v2\/posts\/6085\/revisions"}],"predecessor-version":[{"id":6087,"href":"https:\/\/www.wonderflu.com\/blog\/wp-json\/wp\/v2\/posts\/6085\/revisions\/6087"}],"wp:featuredmedia":[{"embeddable":true,"href":"https:\/\/www.wonderflu.com\/blog\/wp-json\/wp\/v2\/media\/6086"}],"wp:attachment":[{"href":"https:\/\/www.wonderflu.com\/blog\/wp-json\/wp\/v2\/media?parent=6085"}],"wp:term":[{"taxonomy":"category","embeddable":true,"href":"https:\/\/www.wonderflu.com\/blog\/wp-json\/wp\/v2\/categories?post=6085"},{"taxonomy":"post_tag","embeddable":true,"href":"https:\/\/www.wonderflu.com\/blog\/wp-json\/wp\/v2\/tags?post=6085"}],"curies":[{"name":"wp","href":"https:\/\/api.w.org\/{rel}","templated":true}]}}