{"id":6102,"date":"2019-10-02T00:46:16","date_gmt":"2019-10-01T22:46:16","guid":{"rendered":"http:\/\/www.wonderflu.com\/blog\/?p=6102"},"modified":"2019-10-04T00:56:21","modified_gmt":"2019-10-03T22:56:21","slug":"un-stand-influenza-records-independent-label-market-paris-2019","status":"publish","type":"post","link":"https:\/\/www.wonderflu.com\/blog\/2019\/10\/un-stand-influenza-records-independent-label-market-paris-2019\/","title":{"rendered":"Un stand Influenza Records @ Independent Label Market 2019"},"content":{"rendered":"\n<p>Petit passage express par ici pour colporter une rumeur av\u00e9r\u00e9e : il y aura bel et bien un stand Influenza Records \u00e0 l'Independent Label Market  2019 qui se tiendra \u00e0 la Halle aux Blancs Manteaux (75004) ce samedi 5 octobre.<\/p>\n\n\n\n<div class=\"wp-block-image\"><figure class=\"aligncenter is-resized\"><a href=\"http:\/\/www.wonderflu.com\/blog\/wp-content\/uploads\/2019\/10\/ILM_Paris_poster_2019.png\"><img loading=\"lazy\" decoding=\"async\" src=\"https:\/\/i0.wp.com\/www.wonderflu.com\/blog\/wp-content\/uploads\/2019\/10\/ILM_Paris_poster_2019.png?fit=625%2C884\" alt=\"\" class=\"wp-image-6103\" width=\"469\" height=\"663\" srcset=\"https:\/\/www.wonderflu.com\/blog\/wp-content\/uploads\/2019\/10\/ILM_Paris_poster_2019.png 3508w, https:\/\/www.wonderflu.com\/blog\/wp-content\/uploads\/2019\/10\/ILM_Paris_poster_2019-212x300.png 212w, https:\/\/www.wonderflu.com\/blog\/wp-content\/uploads\/2019\/10\/ILM_Paris_poster_2019-768x1086.png 768w, https:\/\/www.wonderflu.com\/blog\/wp-content\/uploads\/2019\/10\/ILM_Paris_poster_2019-724x1024.png 724w, https:\/\/www.wonderflu.com\/blog\/wp-content\/uploads\/2019\/10\/ILM_Paris_poster_2019-624x882.png 624w\" sizes=\"(max-width: 469px) 100vw, 469px\" \/><\/a><\/figure><\/div>\n\n\n\n<!--more-->\n\n\n\n<p><br \/>Ce sera de 11h \u00e0 20h, l'entr\u00e9e gratos et on manquera pas de se pointer avec des vinyles, CDs, cassettes, livres, fanzines etc.<\/p>\n\n\n\n<p style=\"text-align:center\"><strong>>> <a href=\"http:\/\/independentlabelmarket.com\/events\/paris2019\/\">LE SITE OFFICIEL<\/a> &lt;&lt;<\/strong><\/p>\n\n\n\n<p>A samedi peut-\u00eatre \ud83d\ude42<\/p>\n","protected":false},"excerpt":{"rendered":"<p>Petit passage express par ici pour colporter une rumeur av\u00e9r\u00e9e : il y aura bel et bien un stand Influenza Records \u00e0 l'Independent Label Market 2019 qui se tiendra \u00e0 la Halle aux Blancs Manteaux (75004) ce samedi 5 octobre.<\/p>\n","protected":false},"author":2,"featured_media":6103,"comment_status":"open","ping_status":"open","sticky":false,"template":"","format":"standard","meta":{"footnotes":""},"categories":[3],"tags":[568,324,181],"_links":{"self":[{"href":"https:\/\/www.wonderflu.com\/blog\/wp-json\/wp\/v2\/posts\/6102"}],"collection":[{"href":"https:\/\/www.wonderflu.com\/blog\/wp-json\/wp\/v2\/posts"}],"about":[{"href":"https:\/\/www.wonderflu.com\/blog\/wp-json\/wp\/v2\/types\/post"}],"author":[{"embeddable":true,"href":"https:\/\/www.wonderflu.com\/blog\/wp-json\/wp\/v2\/users\/2"}],"replies":[{"embeddable":true,"href":"https:\/\/www.wonderflu.com\/blog\/wp-json\/wp\/v2\/comments?post=6102"}],"version-history":[{"count":3,"href":"https:\/\/www.wonderflu.com\/blog\/wp-json\/wp\/v2\/posts\/6102\/revisions"}],"predecessor-version":[{"id":6106,"href":"https:\/\/www.wonderflu.com\/blog\/wp-json\/wp\/v2\/posts\/6102\/revisions\/6106"}],"wp:featuredmedia":[{"embeddable":true,"href":"https:\/\/www.wonderflu.com\/blog\/wp-json\/wp\/v2\/media\/6103"}],"wp:attachment":[{"href":"https:\/\/www.wonderflu.com\/blog\/wp-json\/wp\/v2\/media?parent=6102"}],"wp:term":[{"taxonomy":"category","embeddable":true,"href":"https:\/\/www.wonderflu.com\/blog\/wp-json\/wp\/v2\/categories?post=6102"},{"taxonomy":"post_tag","embeddable":true,"href":"https:\/\/www.wonderflu.com\/blog\/wp-json\/wp\/v2\/tags?post=6102"}],"curies":[{"name":"wp","href":"https:\/\/api.w.org\/{rel}","templated":true}]}}