{"id":6681,"date":"2021-12-13T02:21:18","date_gmt":"2021-12-13T01:21:18","guid":{"rendered":"http:\/\/www.wonderflu.com\/blog\/?p=6681"},"modified":"2021-12-13T02:22:10","modified_gmt":"2021-12-13T01:22:10","slug":"concert-avec-trainfantome-a-linternational","status":"publish","type":"post","link":"https:\/\/www.wonderflu.com\/blog\/2021\/12\/concert-avec-trainfantome-a-linternational\/","title":{"rendered":"Concert avec Trainfantome \u00e0 l'International"},"content":{"rendered":"\n<p>Ce samedi 18 d\u00e9cembre, apr\u00e8s le march\u00e9 de No\u00ebl des labels ind\u00e9pendants, on sera en concert avec Trainfantome et Opinion \u00e0 l'International (75011)<\/p>\n\n\n\n<div class=\"wp-block-image\"><figure class=\"aligncenter size-large\"><a href=\"http:\/\/www.wonderflu.com\/blog\/wp-content\/uploads\/2021\/12\/wonderflu-trainfantome-opinion.jpg\"><img loading=\"lazy\" decoding=\"async\" width=\"1024\" height=\"576\" src=\"http:\/\/www.wonderflu.com\/blog\/wp-content\/uploads\/2021\/12\/wonderflu-trainfantome-opinion-1024x576.jpg\" alt=\"\" class=\"wp-image-6682\" srcset=\"https:\/\/www.wonderflu.com\/blog\/wp-content\/uploads\/2021\/12\/wonderflu-trainfantome-opinion-1024x576.jpg 1024w, https:\/\/www.wonderflu.com\/blog\/wp-content\/uploads\/2021\/12\/wonderflu-trainfantome-opinion-300x169.jpg 300w, https:\/\/www.wonderflu.com\/blog\/wp-content\/uploads\/2021\/12\/wonderflu-trainfantome-opinion-768x432.jpg 768w, https:\/\/www.wonderflu.com\/blog\/wp-content\/uploads\/2021\/12\/wonderflu-trainfantome-opinion-1536x864.jpg 1536w, https:\/\/www.wonderflu.com\/blog\/wp-content\/uploads\/2021\/12\/wonderflu-trainfantome-opinion-624x351.jpg 624w, https:\/\/www.wonderflu.com\/blog\/wp-content\/uploads\/2021\/12\/wonderflu-trainfantome-opinion.jpg 1920w\" sizes=\"(max-width: 1024px) 100vw, 1024px\" \/><\/a><\/figure><\/div>\n\n\n\n<!--more-->\n\n\n\n<p>Ca vous fait quatre bonnes raisons de venir (sisi, comptez bien) alors on vous dit \u00e0 samedi \ud83d\ude42<\/p>\n\n\n\n<p>(toutes les infos se trouvent <a href=\"https:\/\/www.facebook.com\/events\/562075501766625\/\">sur cette page<\/a>)<\/p>\n","protected":false},"excerpt":{"rendered":"<p>Ce samedi 18 d\u00e9cembre, apr\u00e8s le march\u00e9 de No\u00ebl des labels ind\u00e9pendants, on sera en concert avec Trainfantome et Opinion \u00e0 l'International (75011)<\/p>\n","protected":false},"author":1,"featured_media":6682,"comment_status":"open","ping_status":"open","sticky":false,"template":"","format":"standard","meta":{"footnotes":""},"categories":[33],"tags":[186,688,181,580],"_links":{"self":[{"href":"https:\/\/www.wonderflu.com\/blog\/wp-json\/wp\/v2\/posts\/6681"}],"collection":[{"href":"https:\/\/www.wonderflu.com\/blog\/wp-json\/wp\/v2\/posts"}],"about":[{"href":"https:\/\/www.wonderflu.com\/blog\/wp-json\/wp\/v2\/types\/post"}],"author":[{"embeddable":true,"href":"https:\/\/www.wonderflu.com\/blog\/wp-json\/wp\/v2\/users\/1"}],"replies":[{"embeddable":true,"href":"https:\/\/www.wonderflu.com\/blog\/wp-json\/wp\/v2\/comments?post=6681"}],"version-history":[{"count":1,"href":"https:\/\/www.wonderflu.com\/blog\/wp-json\/wp\/v2\/posts\/6681\/revisions"}],"predecessor-version":[{"id":6683,"href":"https:\/\/www.wonderflu.com\/blog\/wp-json\/wp\/v2\/posts\/6681\/revisions\/6683"}],"wp:featuredmedia":[{"embeddable":true,"href":"https:\/\/www.wonderflu.com\/blog\/wp-json\/wp\/v2\/media\/6682"}],"wp:attachment":[{"href":"https:\/\/www.wonderflu.com\/blog\/wp-json\/wp\/v2\/media?parent=6681"}],"wp:term":[{"taxonomy":"category","embeddable":true,"href":"https:\/\/www.wonderflu.com\/blog\/wp-json\/wp\/v2\/categories?post=6681"},{"taxonomy":"post_tag","embeddable":true,"href":"https:\/\/www.wonderflu.com\/blog\/wp-json\/wp\/v2\/tags?post=6681"}],"curies":[{"name":"wp","href":"https:\/\/api.w.org\/{rel}","templated":true}]}}