{"id":7210,"date":"2022-12-08T22:39:40","date_gmt":"2022-12-08T21:39:40","guid":{"rendered":"https:\/\/www.wonderflu.com\/blog\/?p=7210"},"modified":"2022-12-08T22:39:40","modified_gmt":"2022-12-08T21:39:40","slug":"zir-pachet-en-concert-a-lolympic-cafe","status":"publish","type":"post","link":"https:\/\/www.wonderflu.com\/blog\/2022\/12\/zir-pachet-en-concert-a-lolympic-cafe\/","title":{"rendered":"Zir Pachet en concert \u00e0 l'Olympic Caf\u00e9"},"content":{"rendered":"\n<p>Relai rapide de date noisy pour les agendas mal remplis<\/p>\n\n\n<div class=\"wp-block-image\">\n<figure class=\"aligncenter size-large\"><a href=\"https:\/\/www.wonderflu.com\/blog\/wp-content\/uploads\/2022\/12\/zir-pachet-olympic.jpg\"><img loading=\"lazy\" decoding=\"async\" width=\"1024\" height=\"537\" src=\"https:\/\/www.wonderflu.com\/blog\/wp-content\/uploads\/2022\/12\/zir-pachet-olympic-1024x537.jpg\" alt=\"\" class=\"wp-image-7211\" srcset=\"https:\/\/www.wonderflu.com\/blog\/wp-content\/uploads\/2022\/12\/zir-pachet-olympic-1024x537.jpg 1024w, https:\/\/www.wonderflu.com\/blog\/wp-content\/uploads\/2022\/12\/zir-pachet-olympic-300x157.jpg 300w, https:\/\/www.wonderflu.com\/blog\/wp-content\/uploads\/2022\/12\/zir-pachet-olympic-768x402.jpg 768w, https:\/\/www.wonderflu.com\/blog\/wp-content\/uploads\/2022\/12\/zir-pachet-olympic-1536x805.jpg 1536w, https:\/\/www.wonderflu.com\/blog\/wp-content\/uploads\/2022\/12\/zir-pachet-olympic-624x327.jpg 624w, https:\/\/www.wonderflu.com\/blog\/wp-content\/uploads\/2022\/12\/zir-pachet-olympic.jpg 2048w\" sizes=\"(max-width: 1024px) 100vw, 1024px\" \/><\/a><\/figure><\/div>\n\n\n<!--more-->\n\n\n\n<p>Les potos de <strong>Zir Pachet<\/strong> seront le vendredi 9 d\u00e9cembre en concert \u00e0 l'Olympic Caf\u00e9 (Paris 18e) avec Ordre Public et Ambre.<\/p>\n\n\n\n<p>Infos Patrick :<br \/>- <a href=\"https:\/\/www.facebook.com\/events\/662285732013665\">event facebook<\/a><br \/>- <a href=\"https:\/\/dice.fm\/partner\/olympic-caf\/event\/vo5yv-ordre-public-x-zir-pachet-x-ambre-9th-dec-olympic-caf-paris-tickets\">billetterie<\/a> (6\u20ac au lieu de 10\u20ac sur place)<\/p>\n\n\n\n<p>Allez-y donc, \u00e7a promet du d\u00e9cibel !<\/p>\n\n\n\n<p><\/p>\n","protected":false},"excerpt":{"rendered":"<p>Relai rapide de date noisy pour les agendas mal remplis<\/p>\n","protected":false},"author":7,"featured_media":7211,"comment_status":"open","ping_status":"open","sticky":false,"template":"","format":"standard","meta":{"footnotes":""},"categories":[33],"tags":[489,181,670],"_links":{"self":[{"href":"https:\/\/www.wonderflu.com\/blog\/wp-json\/wp\/v2\/posts\/7210"}],"collection":[{"href":"https:\/\/www.wonderflu.com\/blog\/wp-json\/wp\/v2\/posts"}],"about":[{"href":"https:\/\/www.wonderflu.com\/blog\/wp-json\/wp\/v2\/types\/post"}],"author":[{"embeddable":true,"href":"https:\/\/www.wonderflu.com\/blog\/wp-json\/wp\/v2\/users\/7"}],"replies":[{"embeddable":true,"href":"https:\/\/www.wonderflu.com\/blog\/wp-json\/wp\/v2\/comments?post=7210"}],"version-history":[{"count":1,"href":"https:\/\/www.wonderflu.com\/blog\/wp-json\/wp\/v2\/posts\/7210\/revisions"}],"predecessor-version":[{"id":7212,"href":"https:\/\/www.wonderflu.com\/blog\/wp-json\/wp\/v2\/posts\/7210\/revisions\/7212"}],"wp:featuredmedia":[{"embeddable":true,"href":"https:\/\/www.wonderflu.com\/blog\/wp-json\/wp\/v2\/media\/7211"}],"wp:attachment":[{"href":"https:\/\/www.wonderflu.com\/blog\/wp-json\/wp\/v2\/media?parent=7210"}],"wp:term":[{"taxonomy":"category","embeddable":true,"href":"https:\/\/www.wonderflu.com\/blog\/wp-json\/wp\/v2\/categories?post=7210"},{"taxonomy":"post_tag","embeddable":true,"href":"https:\/\/www.wonderflu.com\/blog\/wp-json\/wp\/v2\/tags?post=7210"}],"curies":[{"name":"wp","href":"https:\/\/api.w.org\/{rel}","templated":true}]}}